{"id":470,"date":"2025-11-21T15:54:48","date_gmt":"2025-11-21T14:54:48","guid":{"rendered":"https:\/\/www.lapetitegalerie.org\/?p=470"},"modified":"2025-11-21T16:20:28","modified_gmt":"2025-11-21T15:20:28","slug":"des-usines-et-des-hommes","status":"publish","type":"post","link":"https:\/\/www.lapetitegalerie.org\/index.php\/2025\/11\/21\/des-usines-et-des-hommes\/","title":{"rendered":"Des usines et des hommes"},"content":{"rendered":"\t\t<div data-elementor-type=\"wp-post\" data-elementor-id=\"470\" class=\"elementor elementor-470\">\n\t\t\t\t<div class=\"elementor-element elementor-element-eafc311 e-flex e-con-boxed e-con e-parent\" data-id=\"eafc311\" data-element_type=\"container\">\n\t\t\t\t\t<div class=\"e-con-inner\">\n\t\t<div class=\"elementor-element elementor-element-2c8fa60 e-con-full e-flex e-con e-child\" data-id=\"2c8fa60\" data-element_type=\"container\" data-settings=\"{&quot;background_background&quot;:&quot;classic&quot;}\">\n\t\t\t\t<div class=\"elementor-element elementor-element-17d50cd elementor-widget elementor-widget-text-editor\" data-id=\"17d50cd\" data-element_type=\"widget\" data-widget_type=\"text-editor.default\">\n\t\t\t\t<div class=\"elementor-widget-container\">\n\t\t\t\t\t\t\t\t\t<p>\u25a0<br \/>\u25a0<br \/>\u25a0<\/p>\t\t\t\t\t\t\t\t<\/div>\n\t\t\t\t<\/div>\n\t\t\t\t<div class=\"elementor-element elementor-element-eb250f5 elementor-widget elementor-widget-text-editor\" data-id=\"eb250f5\" data-element_type=\"widget\" data-widget_type=\"text-editor.default\">\n\t\t\t\t<div class=\"elementor-widget-container\">\n\t\t\t\t\t\t\t\t\t<p style=\"text-align: left;\"><strong>Des usines et<br \/>des hommes<\/strong><\/p>\t\t\t\t\t\t\t\t<\/div>\n\t\t\t\t<\/div>\n\t\t\t\t<div class=\"elementor-element elementor-element-3699ad8 elementor-widget elementor-widget-text-editor\" data-id=\"3699ad8\" data-element_type=\"widget\" data-widget_type=\"text-editor.default\">\n\t\t\t\t<div class=\"elementor-widget-container\">\n\t\t\t\t\t\t\t\t\t<p style=\"text-align: left;\">Simon C. artiste<br \/>peintre<\/p>\t\t\t\t\t\t\t\t<\/div>\n\t\t\t\t<\/div>\n\t\t\t\t<div class=\"elementor-element elementor-element-f9a1f3f elementor-widget-divider--view-line elementor-widget elementor-widget-divider\" data-id=\"f9a1f3f\" data-element_type=\"widget\" data-widget_type=\"divider.default\">\n\t\t\t\t<div class=\"elementor-widget-container\">\n\t\t\t\t\t\t\t<div class=\"elementor-divider\">\n\t\t\t<span class=\"elementor-divider-separator\">\n\t\t\t\t\t\t<\/span>\n\t\t<\/div>\n\t\t\t\t\t\t<\/div>\n\t\t\t\t<\/div>\n\t\t\t\t<div class=\"elementor-element elementor-element-8ddcc7f elementor-widget elementor-widget-text-editor\" data-id=\"8ddcc7f\" data-element_type=\"widget\" data-widget_type=\"text-editor.default\">\n\t\t\t\t<div class=\"elementor-widget-container\">\n\t\t\t\t\t\t\t\t\t<p>\u25a0<br \/>\u25a0<br \/>\u25a0<\/p>\t\t\t\t\t\t\t\t<\/div>\n\t\t\t\t<\/div>\n\t\t\t\t<div class=\"elementor-element elementor-element-2653a7c elementor-widget elementor-widget-text-editor\" data-id=\"2653a7c\" data-element_type=\"widget\" data-widget_type=\"text-editor.default\">\n\t\t\t\t<div class=\"elementor-widget-container\">\n\t\t\t\t\t\t\t\t\t<p><strong>du 28.11 au 30.12 2025<\/strong><\/p>\t\t\t\t\t\t\t\t<\/div>\n\t\t\t\t<\/div>\n\t\t\t\t<div class=\"elementor-element elementor-element-8f2161f elementor-widget elementor-widget-image\" data-id=\"8f2161f\" data-element_type=\"widget\" data-widget_type=\"image.default\">\n\t\t\t\t<div class=\"elementor-widget-container\">\n\t\t\t\t\t\t\t\t\t\t\t\t\t\t\t\t<a href=\"http:\/\/www.lapetitegalerie.org\/wp-content\/uploads\/2025\/11\/1-Grand.jpg\" data-elementor-open-lightbox=\"yes\" data-elementor-lightbox-title=\"1 (Grand)\" data-e-action-hash=\"#elementor-action%3Aaction%3Dlightbox%26settings%3DeyJpZCI6NDczLCJ1cmwiOiJodHRwczpcL1wvd3d3LmxhcGV0aXRlZ2FsZXJpZS5vcmdcL3dwLWNvbnRlbnRcL3VwbG9hZHNcLzIwMjVcLzExXC8xLUdyYW5kLmpwZyJ9\">\n\t\t\t\t\t\t\t<img loading=\"lazy\" decoding=\"async\" width=\"768\" height=\"506\" src=\"https:\/\/www.lapetitegalerie.org\/wp-content\/uploads\/2025\/11\/1-Grand-768x506.jpg\" class=\"attachment-medium_large size-medium_large wp-image-473\" alt=\"\" srcset=\"https:\/\/www.lapetitegalerie.org\/wp-content\/uploads\/2025\/11\/1-Grand-768x506.jpg 768w, https:\/\/www.lapetitegalerie.org\/wp-content\/uploads\/2025\/11\/1-Grand-300x198.jpg 300w, https:\/\/www.lapetitegalerie.org\/wp-content\/uploads\/2025\/11\/1-Grand-1024x674.jpg 1024w, https:\/\/www.lapetitegalerie.org\/wp-content\/uploads\/2025\/11\/1-Grand-1536x1012.jpg 1536w, https:\/\/www.lapetitegalerie.org\/wp-content\/uploads\/2025\/11\/1-Grand.jpg 1640w\" sizes=\"auto, (max-width: 768px) 100vw, 768px\" \/>\t\t\t\t\t\t\t\t<\/a>\n\t\t\t\t\t\t\t\t\t\t\t\t\t\t\t<\/div>\n\t\t\t\t<\/div>\n\t\t\t\t<\/div>\n\t\t<div class=\"elementor-element elementor-element-87e5fe9 e-con-full e-flex e-con e-child\" data-id=\"87e5fe9\" data-element_type=\"container\">\n\t\t\t\t<div class=\"elementor-element elementor-element-f7966d2 elementor-widget elementor-widget-heading\" data-id=\"f7966d2\" data-element_type=\"widget\" data-widget_type=\"heading.default\">\n\t\t\t\t<div class=\"elementor-widget-container\">\n\t\t\t\t\t<h2 class=\"elementor-heading-title elementor-size-default\">L'artiste<\/h2>\t\t\t\t<\/div>\n\t\t\t\t<\/div>\n\t\t\t\t<div class=\"elementor-element elementor-element-13fbb3c elementor-widget elementor-widget-text-editor\" data-id=\"13fbb3c\" data-element_type=\"widget\" data-widget_type=\"text-editor.default\">\n\t\t\t\t<div class=\"elementor-widget-container\">\n\t\t\t\t\t\t\t\t\t<p>Simon C. a consacr\u00e9 l&rsquo;essentiel de sa<br \/>tr\u00e8s longue carri\u00e8re de peintre \u00e0 c\u00e9l\u00e9brer l&rsquo;Ardenne du schiste sous toutes ses formes et dans tous ses \u00e9tats, les saisons qui passent sur la Meuse et sur la Semois, les myst\u00e8res de la for\u00eat, la discr\u00e9tion gracieuse des villages et des bourgs de la Vall\u00e9e, les solitudes empreintes de gravit\u00e9 du plateau. Au-del\u00e0 de sa passion pour la nature, en humaniste, il s&rsquo;est aussi beaucoup pr\u00e9occup\u00e9 des usines, du travail de la forge et de la fonderie et des hommes dont le courage et le savoir-faire ont contribu\u00e9 \u00e0 l&rsquo;histoire du pays et \u00e0 son prestige. <br \/>Il est donc le peintre du fer, de la for\u00eat et du travail.<\/p>\t\t\t\t\t\t\t\t<\/div>\n\t\t\t\t<\/div>\n\t\t\t\t<div class=\"elementor-element elementor-element-026eca0 elementor-widget elementor-widget-image\" data-id=\"026eca0\" data-element_type=\"widget\" data-widget_type=\"image.default\">\n\t\t\t\t<div class=\"elementor-widget-container\">\n\t\t\t\t\t\t\t\t\t\t\t\t\t\t\t<img loading=\"lazy\" decoding=\"async\" width=\"611\" height=\"1024\" src=\"https:\/\/www.lapetitegalerie.org\/wp-content\/uploads\/2025\/11\/2-Grand-611x1024.jpg\" class=\"attachment-large size-large wp-image-474\" alt=\"\" srcset=\"https:\/\/www.lapetitegalerie.org\/wp-content\/uploads\/2025\/11\/2-Grand-611x1024.jpg 611w, https:\/\/www.lapetitegalerie.org\/wp-content\/uploads\/2025\/11\/2-Grand-179x300.jpg 179w, https:\/\/www.lapetitegalerie.org\/wp-content\/uploads\/2025\/11\/2-Grand-768x1286.jpg 768w, https:\/\/www.lapetitegalerie.org\/wp-content\/uploads\/2025\/11\/2-Grand-917x1536.jpg 917w, https:\/\/www.lapetitegalerie.org\/wp-content\/uploads\/2025\/11\/2-Grand.jpg 1080w\" sizes=\"auto, (max-width: 611px) 100vw, 611px\" \/>\t\t\t\t\t\t\t\t\t\t\t\t\t\t\t<\/div>\n\t\t\t\t<\/div>\n\t\t\t\t<\/div>\n\t\t\t\t\t<\/div>\n\t\t\t\t<\/div>\n\t\t\t\t<\/div>\n\t\t","protected":false},"excerpt":{"rendered":"<p>\u25a0\u25a0\u25a0 Des usines etdes hommes Simon C. artistepeintre \u25a0\u25a0\u25a0 du 28.11 au 30.12 2025 L&rsquo;artiste Simon C. a consacr\u00e9 l&rsquo;essentiel de satr\u00e8s longue carri\u00e8re de peintre \u00e0 c\u00e9l\u00e9brer l&rsquo;Ardenne du schiste sous toutes ses formes et dans tous ses \u00e9tats, les saisons qui passent sur la Meuse et sur la Semois, les myst\u00e8res de la [&hellip;]<\/p>\n","protected":false},"author":1,"featured_media":0,"comment_status":"closed","ping_status":"open","sticky":false,"template":"elementor_header_footer","format":"standard","meta":{"footnotes":""},"categories":[1],"tags":[],"class_list":["post-470","post","type-post","status-publish","format-standard","hentry","category-non-classe","entry"],"_links":{"self":[{"href":"https:\/\/www.lapetitegalerie.org\/index.php\/wp-json\/wp\/v2\/posts\/470","targetHints":{"allow":["GET"]}}],"collection":[{"href":"https:\/\/www.lapetitegalerie.org\/index.php\/wp-json\/wp\/v2\/posts"}],"about":[{"href":"https:\/\/www.lapetitegalerie.org\/index.php\/wp-json\/wp\/v2\/types\/post"}],"author":[{"embeddable":true,"href":"https:\/\/www.lapetitegalerie.org\/index.php\/wp-json\/wp\/v2\/users\/1"}],"replies":[{"embeddable":true,"href":"https:\/\/www.lapetitegalerie.org\/index.php\/wp-json\/wp\/v2\/comments?post=470"}],"version-history":[{"count":4,"href":"https:\/\/www.lapetitegalerie.org\/index.php\/wp-json\/wp\/v2\/posts\/470\/revisions"}],"predecessor-version":[{"id":477,"href":"https:\/\/www.lapetitegalerie.org\/index.php\/wp-json\/wp\/v2\/posts\/470\/revisions\/477"}],"wp:attachment":[{"href":"https:\/\/www.lapetitegalerie.org\/index.php\/wp-json\/wp\/v2\/media?parent=470"}],"wp:term":[{"taxonomy":"category","embeddable":true,"href":"https:\/\/www.lapetitegalerie.org\/index.php\/wp-json\/wp\/v2\/categories?post=470"},{"taxonomy":"post_tag","embeddable":true,"href":"https:\/\/www.lapetitegalerie.org\/index.php\/wp-json\/wp\/v2\/tags?post=470"}],"curies":[{"name":"wp","href":"https:\/\/api.w.org\/{rel}","templated":true}]}}