{"id":448,"date":"2025-11-14T09:55:23","date_gmt":"2025-11-14T08:55:23","guid":{"rendered":"https:\/\/www.lapetitegalerie.org\/?p=448"},"modified":"2025-11-14T10:11:10","modified_gmt":"2025-11-14T09:11:10","slug":"les-petits-formats","status":"publish","type":"post","link":"https:\/\/www.lapetitegalerie.org\/index.php\/2025\/11\/14\/les-petits-formats\/","title":{"rendered":"Les petits formats"},"content":{"rendered":"\t\t<div data-elementor-type=\"wp-post\" data-elementor-id=\"448\" class=\"elementor elementor-448\">\n\t\t\t\t<div class=\"elementor-element elementor-element-24d401b e-flex e-con-boxed e-con e-parent\" data-id=\"24d401b\" data-element_type=\"container\">\n\t\t\t\t\t<div class=\"e-con-inner\">\n\t\t<div class=\"elementor-element elementor-element-e08f11f e-con-full e-flex e-con e-child\" data-id=\"e08f11f\" data-element_type=\"container\" data-settings=\"{&quot;background_background&quot;:&quot;classic&quot;}\">\n\t\t\t\t<div class=\"elementor-element elementor-element-a646a20 elementor-widget elementor-widget-text-editor\" data-id=\"a646a20\" data-element_type=\"widget\" data-widget_type=\"text-editor.default\">\n\t\t\t\t<div class=\"elementor-widget-container\">\n\t\t\t\t\t\t\t\t\t<p>\u25a0<br \/>\u25a0<br \/>\u25a0<\/p>\t\t\t\t\t\t\t\t<\/div>\n\t\t\t\t<\/div>\n\t\t\t\t<div class=\"elementor-element elementor-element-bdac839 elementor-widget elementor-widget-text-editor\" data-id=\"bdac839\" data-element_type=\"widget\" data-widget_type=\"text-editor.default\">\n\t\t\t\t<div class=\"elementor-widget-container\">\n\t\t\t\t\t\t\t\t\t<p style=\"text-align: left;\"><strong>Fen\u00eatre<\/strong><\/p>\t\t\t\t\t\t\t\t<\/div>\n\t\t\t\t<\/div>\n\t\t\t\t<div class=\"elementor-element elementor-element-0b4dab3 elementor-widget elementor-widget-text-editor\" data-id=\"0b4dab3\" data-element_type=\"widget\" data-widget_type=\"text-editor.default\">\n\t\t\t\t<div class=\"elementor-widget-container\">\n\t\t\t\t\t\t\t\t\t<p style=\"text-align: left;\">sur le Qu\u00e9bec et la Belgique<\/p>\t\t\t\t\t\t\t\t<\/div>\n\t\t\t\t<\/div>\n\t\t\t\t<div class=\"elementor-element elementor-element-9d12ab2 elementor-widget-divider--view-line elementor-widget elementor-widget-divider\" data-id=\"9d12ab2\" data-element_type=\"widget\" data-widget_type=\"divider.default\">\n\t\t\t\t<div class=\"elementor-widget-container\">\n\t\t\t\t\t\t\t<div class=\"elementor-divider\">\n\t\t\t<span class=\"elementor-divider-separator\">\n\t\t\t\t\t\t<\/span>\n\t\t<\/div>\n\t\t\t\t\t\t<\/div>\n\t\t\t\t<\/div>\n\t\t\t\t<div class=\"elementor-element elementor-element-3354662 elementor-widget elementor-widget-text-editor\" data-id=\"3354662\" data-element_type=\"widget\" data-widget_type=\"text-editor.default\">\n\t\t\t\t<div class=\"elementor-widget-container\">\n\t\t\t\t\t\t\t\t\t<p>Les artistes charentais &amp; ardennais re\u00e7oivent deux qu\u00e9b\u00e9cois<br \/>Jean Gauthier, YanikKa &amp;<br \/>Fran\u00e7oise Morandini de Belgique.<\/p>\t\t\t\t\t\t\t\t<\/div>\n\t\t\t\t<\/div>\n\t\t\t\t<div class=\"elementor-element elementor-element-3775824 elementor-widget elementor-widget-text-editor\" data-id=\"3775824\" data-element_type=\"widget\" data-widget_type=\"text-editor.default\">\n\t\t\t\t<div class=\"elementor-widget-container\">\n\t\t\t\t\t\t\t\t\t<p>\u25a0<br \/>\u25a0<br \/>\u25a0<\/p>\t\t\t\t\t\t\t\t<\/div>\n\t\t\t\t<\/div>\n\t\t\t\t<div class=\"elementor-element elementor-element-110ac48 elementor-widget elementor-widget-text-editor\" data-id=\"110ac48\" data-element_type=\"widget\" data-widget_type=\"text-editor.default\">\n\t\t\t\t<div class=\"elementor-widget-container\">\n\t\t\t\t\t\t\t\t\t<p><strong>du 01 au 22 novembre 2025<\/strong><\/p>\t\t\t\t\t\t\t\t<\/div>\n\t\t\t\t<\/div>\n\t\t\t\t<div class=\"elementor-element elementor-element-c32a656 elementor-widget elementor-widget-image\" data-id=\"c32a656\" data-element_type=\"widget\" data-widget_type=\"image.default\">\n\t\t\t\t<div class=\"elementor-widget-container\">\n\t\t\t\t\t\t\t\t\t\t\t\t\t\t\t\t<a href=\"http:\/\/www.lapetitegalerie.org\/wp-content\/uploads\/2025\/11\/2025-11-14_09h53_38.png\" data-elementor-open-lightbox=\"yes\" data-elementor-lightbox-title=\"2025-11-14_09h53_38\" data-e-action-hash=\"#elementor-action%3Aaction%3Dlightbox%26settings%3DeyJpZCI6NDQ0LCJ1cmwiOiJodHRwczpcL1wvd3d3LmxhcGV0aXRlZ2FsZXJpZS5vcmdcL3dwLWNvbnRlbnRcL3VwbG9hZHNcLzIwMjVcLzExXC8yMDI1LTExLTE0XzA5aDUzXzM4LnBuZyJ9\">\n\t\t\t\t\t\t\t<img loading=\"lazy\" decoding=\"async\" width=\"595\" height=\"685\" src=\"https:\/\/www.lapetitegalerie.org\/wp-content\/uploads\/2025\/11\/2025-11-14_09h53_38.png\" class=\"attachment-medium_large size-medium_large wp-image-444\" alt=\"\" srcset=\"https:\/\/www.lapetitegalerie.org\/wp-content\/uploads\/2025\/11\/2025-11-14_09h53_38.png 595w, https:\/\/www.lapetitegalerie.org\/wp-content\/uploads\/2025\/11\/2025-11-14_09h53_38-261x300.png 261w\" sizes=\"auto, (max-width: 595px) 100vw, 595px\" \/>\t\t\t\t\t\t\t\t<\/a>\n\t\t\t\t\t\t\t\t\t\t\t\t\t\t\t<\/div>\n\t\t\t\t<\/div>\n\t\t\t\t<\/div>\n\t\t<div class=\"elementor-element elementor-element-f2beddf e-con-full e-flex e-con e-child\" data-id=\"f2beddf\" data-element_type=\"container\">\n\t\t\t\t<div class=\"elementor-element elementor-element-a0576d5 elementor-widget elementor-widget-heading\" data-id=\"a0576d5\" data-element_type=\"widget\" data-widget_type=\"heading.default\">\n\t\t\t\t<div class=\"elementor-widget-container\">\n\t\t\t\t\t<h2 class=\"elementor-heading-title elementor-size-default\">Les artistes qu\u00e9b\u00e9cois<\/h2>\t\t\t\t<\/div>\n\t\t\t\t<\/div>\n\t\t\t\t<div class=\"elementor-element elementor-element-86f4e61 elementor-widget elementor-widget-text-editor\" data-id=\"86f4e61\" data-element_type=\"widget\" data-widget_type=\"text-editor.default\">\n\t\t\t\t<div class=\"elementor-widget-container\">\n\t\t\t\t\t\t\t\t\t<p>\u2022 YanikKa, l\u2019art au bout des doigts<br \/>Artiste visuelle &amp; illustratrice, elle utilise une palette riche et des m\u00e9diums vari\u00e9s combinant la photographie, le collage, l\u2019acrylique, l\u2019huile, les pastels et le crayon. <br \/>A travers ses \u0153uvres, elle tisse un dialogue intemporel, invitant le spectateur \u00e0 une introspection po\u00e9tique, o\u00f9 le trait devient \u00e9motion et la couleur, une r\u00e9sonance de l\u2019 \u00e2me.<\/p><p>\u2022 Jean Gauthier, peintre figuratif impressionniste<br \/>Il \u00e9tudie les arts visuels, sp\u00e9cialisation dessin et art abstrait\u00a0: \u00ab Je m&rsquo;efforce dans ma d\u00e9marche artistique de cr\u00e9er un style expressionniste moderne. Par la sensibilit\u00e9 des lignes, les jeux de plans et l&rsquo;acrobatie des couleurs qui me sont propres, je propulse mes dessins avec des titres et des textes po\u00e9tiques qui surprennent.\u00a0\u00bb<\/p>\t\t\t\t\t\t\t\t<\/div>\n\t\t\t\t<\/div>\n\t\t\t\t<div class=\"elementor-element elementor-element-4997780 elementor-widget elementor-widget-heading\" data-id=\"4997780\" data-element_type=\"widget\" data-widget_type=\"heading.default\">\n\t\t\t\t<div class=\"elementor-widget-container\">\n\t\t\t\t\t<h2 class=\"elementor-heading-title elementor-size-default\">L'artiste belge<\/h2>\t\t\t\t<\/div>\n\t\t\t\t<\/div>\n\t\t\t\t<div class=\"elementor-element elementor-element-c6d1e11 elementor-widget elementor-widget-text-editor\" data-id=\"c6d1e11\" data-element_type=\"widget\" data-widget_type=\"text-editor.default\">\n\t\t\t\t<div class=\"elementor-widget-container\">\n\t\t\t\t\t\t\t\t\t<p>\u2022 Fran\u00e7oise Morandini<\/p><p>Elle est dipl\u00f4m\u00e9e des Beaux Arts de Namur, section peinture et pluridisciplinaire et expose en Belgique et en France.<\/p><p>\u00ab\u00a0Ma passion la peinture, contemporaine \u2026 l\u2019abstraction, pouvant \u00e9voquer &#8230;une image&#8230; de fa\u00e7on subtile et non explicite.\u00a0\u00bb<\/p><p>\u00ab\u00a0Exp\u00e9rimenter les techniques mixtes avec comme outils, les pigments, l\u2019huile, le pastel, les encres appliqu\u00e9s sur divers supports papier, bois, toile \u2026\u00a0\u00bb<\/p><p>\u00ab\u00a0Jouer avec les textures, sublimer, d\u00e9piauter la nature comme on joue d\u2019un instrument.\u00a0\u00bb<\/p><p>\u00ab\u00a0Entrer dans mon monde intimiste, lire entre les lignes, se promener, explorer pour inventer \u00e0 travers chaque peinture son propre univers.\u00a0\u00bb<\/p><p>\u00a0<\/p>\t\t\t\t\t\t\t\t<\/div>\n\t\t\t\t<\/div>\n\t\t\t\t<div class=\"elementor-element elementor-element-86ff816 elementor-widget elementor-widget-heading\" data-id=\"86ff816\" data-element_type=\"widget\" data-widget_type=\"heading.default\">\n\t\t\t\t<div class=\"elementor-widget-container\">\n\t\t\t\t\t<h2 class=\"elementor-heading-title elementor-size-default\">Les deux artistes charentais et ardennais<\/h2>\t\t\t\t<\/div>\n\t\t\t\t<\/div>\n\t\t\t\t<div class=\"elementor-element elementor-element-4aed289 elementor-widget elementor-widget-text-editor\" data-id=\"4aed289\" data-element_type=\"widget\" data-widget_type=\"text-editor.default\">\n\t\t\t\t<div class=\"elementor-widget-container\">\n\t\t\t\t\t\t\t\t\t<p>\u2022 Lucien Rouet, artiste peintre<br \/>Fantasmagorie paysag\u00e8re<\/p><p><br \/>\u2022 Sylvain Paris, artiste plasticien<br \/>\u00ab\u202fMon travail est articul\u00e9 autour de la notion d\u2019image et de signe o\u00f9 le motif peut \u00eatre r\u00e9p\u00e9t\u00e9 de mani\u00e8re s\u00e9rielle. Les couleurs ont tendance \u00e0 \u00eatre satur\u00e9es, dans une gamme g\u00e9n\u00e9rale \u2018\u2019chaude\u2019\u2019\u00a0: jaune, rose, orange, mauve\u2026\u202f\u00bb<br \/>Inspir\u00e9 par la bande dessin\u00e9e, l\u2019art du vitrail et les imagiers \u2013 cartiers du moyen \u00e2ge (jeu de tarot), j\u2019utilise le cerne et inverse sa valeur fonc\u00e9e (noir) pour une couleur claire et lumineuse (jaune), de sorte que cela cr\u00e9e un effet de n\u00e9gatif\u00a0; l\u2019aplat \u00e9tant g\u00e9n\u00e9ralement plus fonc\u00e9 que le trait. <br \/>Les images et signes sont g\u00e9n\u00e9ralement superpos\u00e9s et \u2018\u2019fondus\u2019\u2019 dans l\u2019ensemble, de mani\u00e8re \u00e0 susciter diff\u00e9rentes possibilit\u00e9s de lectures \u00e0 l\u2019ensemble.<\/p>\t\t\t\t\t\t\t\t<\/div>\n\t\t\t\t<\/div>\n\t\t\t\t<\/div>\n\t\t\t\t\t<\/div>\n\t\t\t\t<\/div>\n\t\t\t\t<\/div>\n\t\t","protected":false},"excerpt":{"rendered":"<p>\u25a0\u25a0\u25a0 Fen\u00eatre sur le Qu\u00e9bec et la Belgique Les artistes charentais &amp; ardennais re\u00e7oivent deux qu\u00e9b\u00e9coisJean Gauthier, YanikKa &amp;Fran\u00e7oise Morandini de Belgique. \u25a0\u25a0\u25a0 du 01 au 22 novembre 2025 Les artistes qu\u00e9b\u00e9cois \u2022 YanikKa, l\u2019art au bout des doigtsArtiste visuelle &amp; illustratrice, elle utilise une palette riche et des m\u00e9diums vari\u00e9s combinant la photographie, le [&hellip;]<\/p>\n","protected":false},"author":1,"featured_media":0,"comment_status":"closed","ping_status":"open","sticky":false,"template":"elementor_header_footer","format":"standard","meta":{"footnotes":""},"categories":[1],"tags":[],"class_list":["post-448","post","type-post","status-publish","format-standard","hentry","category-non-classe","entry"],"_links":{"self":[{"href":"https:\/\/www.lapetitegalerie.org\/index.php\/wp-json\/wp\/v2\/posts\/448","targetHints":{"allow":["GET"]}}],"collection":[{"href":"https:\/\/www.lapetitegalerie.org\/index.php\/wp-json\/wp\/v2\/posts"}],"about":[{"href":"https:\/\/www.lapetitegalerie.org\/index.php\/wp-json\/wp\/v2\/types\/post"}],"author":[{"embeddable":true,"href":"https:\/\/www.lapetitegalerie.org\/index.php\/wp-json\/wp\/v2\/users\/1"}],"replies":[{"embeddable":true,"href":"https:\/\/www.lapetitegalerie.org\/index.php\/wp-json\/wp\/v2\/comments?post=448"}],"version-history":[{"count":13,"href":"https:\/\/www.lapetitegalerie.org\/index.php\/wp-json\/wp\/v2\/posts\/448\/revisions"}],"predecessor-version":[{"id":469,"href":"https:\/\/www.lapetitegalerie.org\/index.php\/wp-json\/wp\/v2\/posts\/448\/revisions\/469"}],"wp:attachment":[{"href":"https:\/\/www.lapetitegalerie.org\/index.php\/wp-json\/wp\/v2\/media?parent=448"}],"wp:term":[{"taxonomy":"category","embeddable":true,"href":"https:\/\/www.lapetitegalerie.org\/index.php\/wp-json\/wp\/v2\/categories?post=448"},{"taxonomy":"post_tag","embeddable":true,"href":"https:\/\/www.lapetitegalerie.org\/index.php\/wp-json\/wp\/v2\/tags?post=448"}],"curies":[{"name":"wp","href":"https:\/\/api.w.org\/{rel}","templated":true}]}}