{"id":394,"date":"2025-06-19T15:50:53","date_gmt":"2025-06-19T13:50:53","guid":{"rendered":"https:\/\/www.lapetitegalerie.org\/?p=394"},"modified":"2025-06-19T16:13:09","modified_gmt":"2025-06-19T14:13:09","slug":"mixart","status":"publish","type":"post","link":"https:\/\/www.lapetitegalerie.org\/index.php\/2025\/06\/19\/mixart\/","title":{"rendered":"Mix&rsquo;Art"},"content":{"rendered":"\t\t<div data-elementor-type=\"wp-post\" data-elementor-id=\"394\" class=\"elementor elementor-394\">\n\t\t\t\t<div class=\"elementor-element elementor-element-d3336ef e-flex e-con-boxed e-con e-parent\" data-id=\"d3336ef\" data-element_type=\"container\">\n\t\t\t\t\t<div class=\"e-con-inner\">\n\t\t<div class=\"elementor-element elementor-element-f73c210 e-con-full e-flex e-con e-child\" data-id=\"f73c210\" data-element_type=\"container\" data-settings=\"{&quot;background_background&quot;:&quot;classic&quot;}\">\n\t\t\t\t<div class=\"elementor-element elementor-element-a12a350 elementor-widget elementor-widget-text-editor\" data-id=\"a12a350\" data-element_type=\"widget\" data-widget_type=\"text-editor.default\">\n\t\t\t\t<div class=\"elementor-widget-container\">\n\t\t\t\t\t\t\t\t\t<p>\u25a0<br \/>\u25a0<br \/>\u25a0<\/p>\t\t\t\t\t\t\t\t<\/div>\n\t\t\t\t<\/div>\n\t\t\t\t<div class=\"elementor-element elementor-element-8c36ed0 elementor-widget elementor-widget-image\" data-id=\"8c36ed0\" data-element_type=\"widget\" data-widget_type=\"image.default\">\n\t\t\t\t<div class=\"elementor-widget-container\">\n\t\t\t\t\t\t\t\t\t\t\t\t\t\t\t<img loading=\"lazy\" decoding=\"async\" width=\"687\" height=\"413\" src=\"https:\/\/www.lapetitegalerie.org\/wp-content\/uploads\/2025\/06\/mixart-detour.png\" class=\"attachment-large size-large wp-image-398\" alt=\"\" srcset=\"https:\/\/www.lapetitegalerie.org\/wp-content\/uploads\/2025\/06\/mixart-detour.png 687w, https:\/\/www.lapetitegalerie.org\/wp-content\/uploads\/2025\/06\/mixart-detour-300x180.png 300w\" sizes=\"auto, (max-width: 687px) 100vw, 687px\" \/>\t\t\t\t\t\t\t\t\t\t\t\t\t\t\t<\/div>\n\t\t\t\t<\/div>\n\t\t\t\t<div class=\"elementor-element elementor-element-f00bec0 elementor-widget elementor-widget-text-editor\" data-id=\"f00bec0\" data-element_type=\"widget\" data-widget_type=\"text-editor.default\">\n\t\t\t\t<div class=\"elementor-widget-container\">\n\t\t\t\t\t\t\t\t\t<p>Du 20.06 au 08.07.2025<\/p>\t\t\t\t\t\t\t\t<\/div>\n\t\t\t\t<\/div>\n\t\t\t\t<div class=\"elementor-element elementor-element-bbb7a4a elementor-widget elementor-widget-text-editor\" data-id=\"bbb7a4a\" data-element_type=\"widget\" data-widget_type=\"text-editor.default\">\n\t\t\t\t<div class=\"elementor-widget-container\">\n\t\t\t\t\t\t\t\t\t<p><strong>Ariane De Caffarelli<\/strong><br \/>Terre cuite<\/p><p><strong>Atelier Jeanne<\/strong><br \/>C\u00e9ramique<\/p><p><strong>Giovanni D<\/strong><br \/>Peinture<\/p><p><strong>Sophie Drouot<\/strong><br \/>Dessin &amp; gravure<\/p>\t\t\t\t\t\t\t\t<\/div>\n\t\t\t\t<\/div>\n\t\t\t\t<div class=\"elementor-element elementor-element-2e63a64 elementor-widget elementor-widget-text-editor\" data-id=\"2e63a64\" data-element_type=\"widget\" data-widget_type=\"text-editor.default\">\n\t\t\t\t<div class=\"elementor-widget-container\">\n\t\t\t\t\t\t\t\t\t<p>\u25a0<br \/>\u25a0<br \/>\u25a0<\/p>\t\t\t\t\t\t\t\t<\/div>\n\t\t\t\t<\/div>\n\t\t\t\t<\/div>\n\t\t<div class=\"elementor-element elementor-element-f22806f e-con-full e-flex e-con e-child\" data-id=\"f22806f\" data-element_type=\"container\">\n\t\t\t\t<div class=\"elementor-element elementor-element-3895a0c elementor-widget elementor-widget-image\" data-id=\"3895a0c\" data-element_type=\"widget\" data-widget_type=\"image.default\">\n\t\t\t\t<div class=\"elementor-widget-container\">\n\t\t\t\t\t\t\t\t\t\t\t\t\t\t\t<img loading=\"lazy\" decoding=\"async\" width=\"687\" height=\"413\" src=\"https:\/\/www.lapetitegalerie.org\/wp-content\/uploads\/2025\/06\/mixart-detour.png\" class=\"attachment-medium_large size-medium_large wp-image-398\" alt=\"\" srcset=\"https:\/\/www.lapetitegalerie.org\/wp-content\/uploads\/2025\/06\/mixart-detour.png 687w, https:\/\/www.lapetitegalerie.org\/wp-content\/uploads\/2025\/06\/mixart-detour-300x180.png 300w\" sizes=\"auto, (max-width: 687px) 100vw, 687px\" \/>\t\t\t\t\t\t\t\t\t\t\t\t\t\t\t<\/div>\n\t\t\t\t<\/div>\n\t\t\t\t<div class=\"elementor-element elementor-element-0372375 elementor-widget elementor-widget-text-editor\" data-id=\"0372375\" data-element_type=\"widget\" data-widget_type=\"text-editor.default\">\n\t\t\t\t<div class=\"elementor-widget-container\">\n\t\t\t\t\t\t\t\t\t<p>Tr\u00e8s sollicit\u00e9s par les artistes, nous avons d\u00e9cid\u00e9 de mettre en valeur des talents m\u00e9connus ou inconnus.<\/p><p>Cette exposition se voudrait l\u2019occasion de cr\u00e9er dans une ambiance conviviale et amicale, des instants d\u2019\u00e9change et de partage entre artistes et visiteurs.<\/p><p>Pas de vernissage \u00abconventionnel\u00bb, mais un go\u00fbter ardennais (sucr\u00e9\/sal\u00e9) \u00e0 partir de 16h30 jusqu\u2019\u00e0 21h.<\/p><p>Cette exp\u00e9rience sera reconduite annuellement.<\/p>\t\t\t\t\t\t\t\t<\/div>\n\t\t\t\t<\/div>\n\t\t<a class=\"elementor-element elementor-element-dd614ed e-con-full e-flex e-con e-child\" data-id=\"dd614ed\" data-element_type=\"container\" data-settings=\"{&quot;background_background&quot;:&quot;classic&quot;}\" href=\"https:\/\/www.lapetitegalerie.org\/index.php\/2025\/02\/18\/exposition-mars-2025-francois-beaurin-berthelemy\/\">\n\t\t\t\t<div class=\"elementor-element elementor-element-d978c95 elementor-widget elementor-widget-heading\" data-id=\"d978c95\" data-element_type=\"widget\" data-widget_type=\"heading.default\">\n\t\t\t\t<div class=\"elementor-widget-container\">\n\t\t\t\t\t<h2 class=\"elementor-heading-title elementor-size-default\">Les artistes<\/h2>\t\t\t\t<\/div>\n\t\t\t\t<\/div>\n\t\t\t\t<div class=\"elementor-element elementor-element-18c7795 elementor-widget elementor-widget-spacer\" data-id=\"18c7795\" data-element_type=\"widget\" data-widget_type=\"spacer.default\">\n\t\t\t\t<div class=\"elementor-widget-container\">\n\t\t\t\t\t\t\t<div class=\"elementor-spacer\">\n\t\t\t<div class=\"elementor-spacer-inner\"><\/div>\n\t\t<\/div>\n\t\t\t\t\t\t<\/div>\n\t\t\t\t<\/div>\n\t\t\t\t<div class=\"elementor-element elementor-element-fe8b6e9 elementor-widget elementor-widget-text-editor\" data-id=\"fe8b6e9\" data-element_type=\"widget\" data-widget_type=\"text-editor.default\">\n\t\t\t\t<div class=\"elementor-widget-container\">\n\t\t\t\t\t\t\t\t\t<p>Ariane de Caffarelli<\/p>\t\t\t\t\t\t\t\t<\/div>\n\t\t\t\t<\/div>\n\t\t\t\t<div class=\"elementor-element elementor-element-8646f85 elementor-widget elementor-widget-text-editor\" data-id=\"8646f85\" data-element_type=\"widget\" data-widget_type=\"text-editor.default\">\n\t\t\t\t<div class=\"elementor-widget-container\">\n\t\t\t\t\t\t\t\t\t<p>affectionne particuli\u00e8rement deux th\u00e8mes : l&rsquo;Anatomie et le Monde Animal dans toute sa diversit\u00e9.<\/p>\t\t\t\t\t\t\t\t<\/div>\n\t\t\t\t<\/div>\n\t\t\t\t<div class=\"elementor-element elementor-element-b37202f elementor-widget elementor-widget-spacer\" data-id=\"b37202f\" data-element_type=\"widget\" data-widget_type=\"spacer.default\">\n\t\t\t\t<div class=\"elementor-widget-container\">\n\t\t\t\t\t\t\t<div class=\"elementor-spacer\">\n\t\t\t<div class=\"elementor-spacer-inner\"><\/div>\n\t\t<\/div>\n\t\t\t\t\t\t<\/div>\n\t\t\t\t<\/div>\n\t\t\t\t<div class=\"elementor-element elementor-element-e36dc78 elementor-widget elementor-widget-text-editor\" data-id=\"e36dc78\" data-element_type=\"widget\" data-widget_type=\"text-editor.default\">\n\t\t\t\t<div class=\"elementor-widget-container\">\n\t\t\t\t\t\t\t\t\t<p>Atelier Jeanne<\/p>\t\t\t\t\t\t\t\t<\/div>\n\t\t\t\t<\/div>\n\t\t\t\t<div class=\"elementor-element elementor-element-d62b0d3 elementor-widget elementor-widget-text-editor\" data-id=\"d62b0d3\" data-element_type=\"widget\" data-widget_type=\"text-editor.default\">\n\t\t\t\t<div class=\"elementor-widget-container\">\n\t\t\t\t\t\t\t\t\t<p>met son intuition au service de la nature. Ses cr\u00e9ations refl\u00e8tent les messages, les \u00e9motions artistiques et les exp\u00e9riences<br \/>mystiques inspir\u00e9es par le spectacle du monde.<\/p>\t\t\t\t\t\t\t\t<\/div>\n\t\t\t\t<\/div>\n\t\t\t\t<div class=\"elementor-element elementor-element-a49324a elementor-widget elementor-widget-spacer\" data-id=\"a49324a\" data-element_type=\"widget\" data-widget_type=\"spacer.default\">\n\t\t\t\t<div class=\"elementor-widget-container\">\n\t\t\t\t\t\t\t<div class=\"elementor-spacer\">\n\t\t\t<div class=\"elementor-spacer-inner\"><\/div>\n\t\t<\/div>\n\t\t\t\t\t\t<\/div>\n\t\t\t\t<\/div>\n\t\t\t\t<div class=\"elementor-element elementor-element-79ef2f7 elementor-widget elementor-widget-text-editor\" data-id=\"79ef2f7\" data-element_type=\"widget\" data-widget_type=\"text-editor.default\">\n\t\t\t\t<div class=\"elementor-widget-container\">\n\t\t\t\t\t\t\t\t\t<p>Giovanni D<\/p>\t\t\t\t\t\t\t\t<\/div>\n\t\t\t\t<\/div>\n\t\t\t\t<div class=\"elementor-element elementor-element-3f3c40a elementor-widget elementor-widget-text-editor\" data-id=\"3f3c40a\" data-element_type=\"widget\" data-widget_type=\"text-editor.default\">\n\t\t\t\t<div class=\"elementor-widget-container\">\n\t\t\t\t\t\t\t\t\t<p>cherche \u00e0 faire ressentir plut\u00f4t qu&rsquo;\u00e0 montrer. Son travail est profond\u00e9ment abstrait, libre de toute contrainte formelle et guid\u00e9 par ses \u00e9motions.<\/p>\t\t\t\t\t\t\t\t<\/div>\n\t\t\t\t<\/div>\n\t\t\t\t<div class=\"elementor-element elementor-element-8afd2fc elementor-widget elementor-widget-spacer\" data-id=\"8afd2fc\" data-element_type=\"widget\" data-widget_type=\"spacer.default\">\n\t\t\t\t<div class=\"elementor-widget-container\">\n\t\t\t\t\t\t\t<div class=\"elementor-spacer\">\n\t\t\t<div class=\"elementor-spacer-inner\"><\/div>\n\t\t<\/div>\n\t\t\t\t\t\t<\/div>\n\t\t\t\t<\/div>\n\t\t\t\t<div class=\"elementor-element elementor-element-ebf3b96 elementor-widget elementor-widget-text-editor\" data-id=\"ebf3b96\" data-element_type=\"widget\" data-widget_type=\"text-editor.default\">\n\t\t\t\t<div class=\"elementor-widget-container\">\n\t\t\t\t\t\t\t\t\t<p>Sophie Drouot<\/p>\t\t\t\t\t\t\t\t<\/div>\n\t\t\t\t<\/div>\n\t\t\t\t<div class=\"elementor-element elementor-element-b090246 elementor-widget elementor-widget-text-editor\" data-id=\"b090246\" data-element_type=\"widget\" data-widget_type=\"text-editor.default\">\n\t\t\t\t<div class=\"elementor-widget-container\">\n\t\t\t\t\t\t\t\t\t<p>pratique la gravure, le dessin et l\u2019art textile, toujours en lien avec la nature.<\/p>\t\t\t\t\t\t\t\t<\/div>\n\t\t\t\t<\/div>\n\t\t\t\t<\/a>\n\t\t\t\t<\/div>\n\t\t\t\t\t<\/div>\n\t\t\t\t<\/div>\n\t\t\t\t<\/div>\n\t\t","protected":false},"excerpt":{"rendered":"<p>\u25a0\u25a0\u25a0 Du 20.06 au 08.07.2025 Ariane De CaffarelliTerre cuite Atelier JeanneC\u00e9ramique Giovanni DPeinture Sophie DrouotDessin &amp; gravure \u25a0\u25a0\u25a0 Tr\u00e8s sollicit\u00e9s par les artistes, nous avons d\u00e9cid\u00e9 de mettre en valeur des talents m\u00e9connus ou inconnus. Cette exposition se voudrait l\u2019occasion de cr\u00e9er dans une ambiance conviviale et amicale, des instants d\u2019\u00e9change et de partage entre [&hellip;]<\/p>\n","protected":false},"author":1,"featured_media":0,"comment_status":"closed","ping_status":"open","sticky":false,"template":"elementor_header_footer","format":"standard","meta":{"footnotes":""},"categories":[6],"tags":[],"class_list":["post-394","post","type-post","status-publish","format-standard","hentry","category-expositions","entry"],"_links":{"self":[{"href":"https:\/\/www.lapetitegalerie.org\/index.php\/wp-json\/wp\/v2\/posts\/394","targetHints":{"allow":["GET"]}}],"collection":[{"href":"https:\/\/www.lapetitegalerie.org\/index.php\/wp-json\/wp\/v2\/posts"}],"about":[{"href":"https:\/\/www.lapetitegalerie.org\/index.php\/wp-json\/wp\/v2\/types\/post"}],"author":[{"embeddable":true,"href":"https:\/\/www.lapetitegalerie.org\/index.php\/wp-json\/wp\/v2\/users\/1"}],"replies":[{"embeddable":true,"href":"https:\/\/www.lapetitegalerie.org\/index.php\/wp-json\/wp\/v2\/comments?post=394"}],"version-history":[{"count":7,"href":"https:\/\/www.lapetitegalerie.org\/index.php\/wp-json\/wp\/v2\/posts\/394\/revisions"}],"predecessor-version":[{"id":404,"href":"https:\/\/www.lapetitegalerie.org\/index.php\/wp-json\/wp\/v2\/posts\/394\/revisions\/404"}],"wp:attachment":[{"href":"https:\/\/www.lapetitegalerie.org\/index.php\/wp-json\/wp\/v2\/media?parent=394"}],"wp:term":[{"taxonomy":"category","embeddable":true,"href":"https:\/\/www.lapetitegalerie.org\/index.php\/wp-json\/wp\/v2\/categories?post=394"},{"taxonomy":"post_tag","embeddable":true,"href":"https:\/\/www.lapetitegalerie.org\/index.php\/wp-json\/wp\/v2\/tags?post=394"}],"curies":[{"name":"wp","href":"https:\/\/api.w.org\/{rel}","templated":true}]}}